{"id":1,"date":"2021-09-07T18:37:54","date_gmt":"2021-09-07T16:37:54","guid":{"rendered":"https:\/\/emg-team.fr\/?p=1"},"modified":"2021-09-13T10:25:17","modified_gmt":"2021-09-13T08:25:17","slug":"bonjour-tout-le-monde","status":"publish","type":"post","link":"https:\/\/emg-team.fr\/en\/2021\/09\/07\/bonjour-tout-le-monde\/","title":{"rendered":"S\u00e9jour de Septembre annul\u00e9 !"},"content":{"rendered":"<p>C\u2019est avec une grande tristesse que nous devons vous annoncer l\u2019<strong>annulation compl\u00e8te<\/strong>&nbsp;des deux semaines du s\u00e9jour de travail sur la Stargate en&nbsp;<strong>septembre<\/strong>.<\/p>\n\n\n\n<!--more-->\n\n\n\n<p>Malgr\u00e9 nos efforts et les v\u00f4tres, le nombre de participants n\u2019est toujours pas assez \u00e9lev\u00e9 \u00e0 ce jour pour que l\u2019ouverture d\u2019un s\u00e9jour ait du sens.<\/p>\n\n\n\n<p>Je ne peux pas vous communiquer de prochaines dates. Normalement nous voulions placer le prochain s\u00e9jour du 11 au 24 octobre mais mes engagements professionnels me rattrapent et je ne peux pas m\u2019occuper de la Stargate toute l\u2019ann\u00e9e \u00e9videmment. Aussi, nous cherchons actuellement des solutions en interne pour que des s\u00e9jours puissent se faire en mon absence (ou de fa\u00e7on tr\u00e8s r\u00e9duite).<\/p>\n\n\n\n<p>Vous serez inform\u00e9s via notre newsletter (\u00e0 laquelle je vous ai ajout\u00e9s) quand nous aurons de nouvelles dates \u00e0 proposer.<\/p>\n\n\n\n<p>Je me r\u00e9jouissais personnellement de vous rencontrer, vous avez tous l\u2019air g\u00e9niaux et j\u2019ai l\u2019espoir que peut \u00eatre nous nous croiserons lors d\u2019un autre s\u00e9jour ou pour une expo quand la SG sera termin\u00e9e.<\/p>\n\n\n\n<p>Sinc\u00e8rement,<\/p>\n\n\n\n<p>Quentin Brichet : Pr\u00e9sident des EMG.<\/p>","protected":false},"excerpt":{"rendered":"<p>C\u2019est avec une grande tristesse que nous devons vous annoncer l\u2019annulation compl\u00e8te&nbsp;des deux semaines du s\u00e9jour de travail sur la Stargate en&nbsp;septembre.<\/p>","protected":false},"author":1,"featured_media":243,"comment_status":"open","ping_status":"open","sticky":false,"template":"","format":"standard","meta":{"footnotes":""},"categories":[4],"tags":[],"class_list":["post-1","post","type-post","status-publish","format-standard","has-post-thumbnail","hentry","category-sejour-de-travail"],"_links":{"self":[{"href":"https:\/\/emg-team.fr\/en\/wp-json\/wp\/v2\/posts\/1","targetHints":{"allow":["GET"]}}],"collection":[{"href":"https:\/\/emg-team.fr\/en\/wp-json\/wp\/v2\/posts"}],"about":[{"href":"https:\/\/emg-team.fr\/en\/wp-json\/wp\/v2\/types\/post"}],"author":[{"embeddable":true,"href":"https:\/\/emg-team.fr\/en\/wp-json\/wp\/v2\/users\/1"}],"replies":[{"embeddable":true,"href":"https:\/\/emg-team.fr\/en\/wp-json\/wp\/v2\/comments?post=1"}],"version-history":[{"count":0,"href":"https:\/\/emg-team.fr\/en\/wp-json\/wp\/v2\/posts\/1\/revisions"}],"wp:featuredmedia":[{"embeddable":true,"href":"https:\/\/emg-team.fr\/en\/wp-json\/wp\/v2\/media\/243"}],"wp:attachment":[{"href":"https:\/\/emg-team.fr\/en\/wp-json\/wp\/v2\/media?parent=1"}],"wp:term":[{"taxonomy":"category","embeddable":true,"href":"https:\/\/emg-team.fr\/en\/wp-json\/wp\/v2\/categories?post=1"},{"taxonomy":"post_tag","embeddable":true,"href":"https:\/\/emg-team.fr\/en\/wp-json\/wp\/v2\/tags?post=1"}],"curies":[{"name":"wp","href":"https:\/\/api.w.org\/{rel}","templated":true}]}}